{"id":224,"date":"2012-01-13T14:31:09","date_gmt":"2012-01-13T13:31:09","guid":{"rendered":"http:\/\/localhost\/bdi\/?p=224"},"modified":"2012-01-13T14:06:20","modified_gmt":"2012-01-13T13:06:20","slug":"apres-la-3eme-ou-la-2nde","status":"publish","type":"post","link":"https:\/\/www.ndp-enghien.org\/bdi\/?p=224","title":{"rendered":"Inscriptions en voies professionnelles ou technologique"},"content":{"rendered":"<p><em>Le lyc\u00e9e Notre Dame Providence pr\u00e9pare aux bac g\u00e9n\u00e9raux ES, L et S.<\/em><\/p>\n<p>&nbsp;<\/p>\n<p>Si vous d\u00e9sirez poursuivre vos \u00e9tudes dans une <strong>voie technologique<\/strong> ou <strong>professionnelle<\/strong>,\u00a0 vous indiquerez votre choix sur\u00a0 la fiche navette qui vous sera fournie en f\u00e9vrier. En retour (aux alentours des vacances de printemps) vous recevrez un dossier de <em>demande d&rsquo;affectation dans un \u00e9tablissement public<\/em>.<\/p>\n<p>Les demandes d&rsquo;affectation seront enregistr\u00e9es dans l&rsquo;application nationale <strong>AFFELNET, <\/strong>suivant le calendrier \u00e9tabli par les Inspections acad\u00e9miques.<\/p>\n<p><strong>Attention<\/strong> , certaines formations\u00a0 n\u00e9cessitent un entretien pr\u00e9alable <em>tr\u00e8s t\u00f4t dans l&rsquo;ann\u00e9e<\/em>\u00a0 (h\u00f4tellerie, s\u00e9curit\u00e9, mode, arts appliqu\u00e9s&#8230;).\u00a0 Informez-vous aupr\u00e8s du BDI en ce qui concerne le calendrier et les modalit\u00e9s n\u00e9cessaires pour obtenir un rendez-vous.<\/p>\n<p><strong>Notez<\/strong> que les affectations sont effectu\u00e9es en fonction du <span style=\"text-decoration: underline;\">domicile du responsable l\u00e9gal<\/span> de l&rsquo;\u00e9l\u00e8ve, prioritairement dans le lyc\u00e9e de la zone g\u00e9ographique dont il d\u00e9pend :<\/p>\n<p>&#8211; Les habitants de Seine-Saint-Denis d\u00e9pendent de l&rsquo;<a href=\"http:\/\/www.ac-creteil.fr\/\" target=\"_blank\">Acad\u00e9mie de Cr\u00e9teil<\/a>,<\/p>\n<p>&#8211; Les habitants du Val d&rsquo;Oise d\u00e9pendent de l&rsquo;<a href=\"http:\/\/www.ac-versailles.fr\/public\/jcms\/c_5012\/accueil\" target=\"_blank\">Acad\u00e9mie de Versailles<\/a> ,<\/p>\n<p>&#8211; Les lyc\u00e9es parisiens sont soumis au m\u00eame r\u00e8gles par le\u00a0 <a href=\"http:\/\/www.ac-paris.fr\/portail\/jcms\/j_6\/accueil\" target=\"_blank\">Rectorat de Paris<\/a>,\u00a0 ils n&rsquo;acceptent donc pas d&rsquo;\u00e9l\u00e8ves domicili\u00e9s hors de Paris (sauf pour quelques formations inter acad\u00e9miques).<\/p>\n<p>&#8211; Les autres \u00e9tablissements priv\u00e9s : au plus t\u00f4t, prenez contact directement avec les \u00e9tablissements de votre choix.<\/p>\n<p>&nbsp;<\/p>\n<p>&nbsp;<\/p>\n","protected":false},"excerpt":{"rendered":"<p>Le lyc\u00e9e Notre Dame Providence pr\u00e9pare aux bac g\u00e9n\u00e9raux ES, L et S. &nbsp; Si vous d\u00e9sirez poursuivre vos \u00e9tudes dans une voie technologique ou &hellip; <\/p>\n","protected":false},"author":1,"featured_media":0,"comment_status":"closed","ping_status":"open","sticky":false,"template":"","format":"standard","meta":{"footnotes":""},"categories":[36],"tags":[115,116],"_links":{"self":[{"href":"https:\/\/www.ndp-enghien.org\/bdi\/index.php?rest_route=\/wp\/v2\/posts\/224"}],"collection":[{"href":"https:\/\/www.ndp-enghien.org\/bdi\/index.php?rest_route=\/wp\/v2\/posts"}],"about":[{"href":"https:\/\/www.ndp-enghien.org\/bdi\/index.php?rest_route=\/wp\/v2\/types\/post"}],"author":[{"embeddable":true,"href":"https:\/\/www.ndp-enghien.org\/bdi\/index.php?rest_route=\/wp\/v2\/users\/1"}],"replies":[{"embeddable":true,"href":"https:\/\/www.ndp-enghien.org\/bdi\/index.php?rest_route=%2Fwp%2Fv2%2Fcomments&post=224"}],"version-history":[{"count":9,"href":"https:\/\/www.ndp-enghien.org\/bdi\/index.php?rest_route=\/wp\/v2\/posts\/224\/revisions"}],"predecessor-version":[{"id":613,"href":"https:\/\/www.ndp-enghien.org\/bdi\/index.php?rest_route=\/wp\/v2\/posts\/224\/revisions\/613"}],"wp:attachment":[{"href":"https:\/\/www.ndp-enghien.org\/bdi\/index.php?rest_route=%2Fwp%2Fv2%2Fmedia&parent=224"}],"wp:term":[{"taxonomy":"category","embeddable":true,"href":"https:\/\/www.ndp-enghien.org\/bdi\/index.php?rest_route=%2Fwp%2Fv2%2Fcategories&post=224"},{"taxonomy":"post_tag","embeddable":true,"href":"https:\/\/www.ndp-enghien.org\/bdi\/index.php?rest_route=%2Fwp%2Fv2%2Ftags&post=224"}],"curies":[{"name":"wp","href":"https:\/\/api.w.org\/{rel}","templated":true}]}}