{"id":1922,"date":"2021-02-08T10:53:41","date_gmt":"2021-02-08T09:53:41","guid":{"rendered":"http:\/\/www.ndp-enghien.org\/bdi\/?p=1922"},"modified":"2021-02-08T10:54:32","modified_gmt":"2021-02-08T09:54:32","slug":"ouverture-de-la-procedure-passpro-2021","status":"publish","type":"post","link":"https:\/\/www.ndp-enghien.org\/bdi\/?p=1922","title":{"rendered":"Ouverture de la proc\u00e9dure Passpro 2021"},"content":{"rendered":"\n<p>Certains bacs professionnels tr\u00e8s demand\u00e9s ou proposant peu de places ont mis en place une proc\u00e9dure Passpro dans les lyc\u00e9es publics .<\/p>\n<p>Cette proc\u00e9dure consiste en un entretien avec des responsables de la formation souhait\u00e9e dans un \u00e9tablissement r\u00e9f\u00e9rent afin de juger de la motivation de l&rsquo;\u00e9l\u00e8ve. Au pr\u00e9alable une prise de rendez-vous doit \u00eatre effectu\u00e9e par l&rsquo;\u00e9tablissement d&rsquo;origine \u00e0 la demande des parents de l&rsquo;\u00e9l\u00e8ve, via la plateforme Arena. A la suite de l&rsquo;entretien, un avis est \u00e9mis par par l&rsquo;\u00e9tablissement d&rsquo;accueil ainsi que par l&rsquo;\u00e9tablissement d&rsquo;origine, permettant \u00e0 l&rsquo;\u00e9l\u00e8ve d&rsquo;obtenir des points bonus pouvant le favoriser dans son acc\u00e8s \u00e0 cette formation.<\/p>\n<p>La demande de rendez-vous doit s&rsquo;effectuer entre le <strong>1er f\u00e9vrier 2021<\/strong> et le <strong>30avril 2021<\/strong> dernier d\u00e9lai.<\/p>\n<p>Les rendez-vous se d\u00e9rouleront en visio-conf\u00e9rence ou en pr\u00e9sentiel entre le 1er mars 2021 et le 12 mai 2021. Au pr\u00e9alable l&rsquo;\u00e9l\u00e8ve\u00a0 remplira une lettre guid\u00e9e qui servira de fil conducteur \u00e0 l&rsquo;entretien , portant sur sa connaissance de la fili\u00e8re, sa motivation\u00a0 et son parcours d&rsquo;orientation.<\/p>\n<p>les formations concern\u00e9es par la proc\u00e9dure Passpro sont :<\/p>\n<p>2de Pro m\u00e9tiers de la mode-v\u00eatement<\/p>\n<p>2de pro m\u00e9tiers du cuir<\/p>\n<p>2de pro artisanat et m\u00e9tiers d&rsquo;art option comm. visuelle plurim\u00e9dia<\/p>\n<p>2de pro m\u00e9tiers des industries graphiques et communication<\/p>\n<p>2de pro artisanat et m\u00e9tiers d&rsquo;art option marchandisage visuel<\/p>\n<p>2de pro artisanat et m\u00e9tiers d&rsquo;art option tapisserie d&rsquo;ameublement<\/p>\n<p>2de pro photographie<\/p>\n<p>2de pro m\u00e9tiers de l&rsquo;a\u00e9ronautique<\/p>\n<p>2de pro conducteur transport routier<\/p>\n<p>2de pro m\u00e9tiers de l&rsquo;h\u00f4tellerie-restauration<\/p>\n<p>2de pro boulanger-p\u00e2tissier<\/p>\n<p>2de pro m\u00e9tiers de la s\u00e9curit\u00e9<\/p>\n<p>2de pro syst\u00e8mes num\u00e9riques P-Tech<\/p>\n<p>2de pro optique-lunetterie<\/p>\n<p>CAP \u00e9b\u00e9nisterie<\/p>\n<p>CAP accessoiriste r\u00e9alisateur<\/p>\n<p>CAP signal\u00e9tique et d\u00e9cors graphiques<\/p>\n<p>CAP a\u00e9ronautique option avionique<\/p>\n<p>CAP orientation progressive CLM\/CRM (conducteur livreur\/conducteur routier)<\/p>\n<p>CAP maintenance v\u00e9hicules option motocycles<\/p>\n<p>CAP commercialisation et services en h\u00f4tel-caf\u00e9-restaurant<\/p>\n<p>CAP cuisine<\/p>\n<p>CAP p\u00e2tissier<\/p>\n<p>CAP agent de s\u00e9curit\u00e9<\/p>\n","protected":false},"excerpt":{"rendered":"<p>Certains bacs professionnels tr\u00e8s demand\u00e9s ou proposant peu de places ont mis en place une proc\u00e9dure Passpro dans les lyc\u00e9es publics . Cette proc\u00e9dure consiste &hellip; <\/p>\n","protected":false},"author":4,"featured_media":0,"comment_status":"open","ping_status":"open","sticky":false,"template":"","format":"standard","meta":{"footnotes":""},"categories":[36,25],"tags":[],"_links":{"self":[{"href":"https:\/\/www.ndp-enghien.org\/bdi\/index.php?rest_route=\/wp\/v2\/posts\/1922"}],"collection":[{"href":"https:\/\/www.ndp-enghien.org\/bdi\/index.php?rest_route=\/wp\/v2\/posts"}],"about":[{"href":"https:\/\/www.ndp-enghien.org\/bdi\/index.php?rest_route=\/wp\/v2\/types\/post"}],"author":[{"embeddable":true,"href":"https:\/\/www.ndp-enghien.org\/bdi\/index.php?rest_route=\/wp\/v2\/users\/4"}],"replies":[{"embeddable":true,"href":"https:\/\/www.ndp-enghien.org\/bdi\/index.php?rest_route=%2Fwp%2Fv2%2Fcomments&post=1922"}],"version-history":[{"count":1,"href":"https:\/\/www.ndp-enghien.org\/bdi\/index.php?rest_route=\/wp\/v2\/posts\/1922\/revisions"}],"predecessor-version":[{"id":1923,"href":"https:\/\/www.ndp-enghien.org\/bdi\/index.php?rest_route=\/wp\/v2\/posts\/1922\/revisions\/1923"}],"wp:attachment":[{"href":"https:\/\/www.ndp-enghien.org\/bdi\/index.php?rest_route=%2Fwp%2Fv2%2Fmedia&parent=1922"}],"wp:term":[{"taxonomy":"category","embeddable":true,"href":"https:\/\/www.ndp-enghien.org\/bdi\/index.php?rest_route=%2Fwp%2Fv2%2Fcategories&post=1922"},{"taxonomy":"post_tag","embeddable":true,"href":"https:\/\/www.ndp-enghien.org\/bdi\/index.php?rest_route=%2Fwp%2Fv2%2Ftags&post=1922"}],"curies":[{"name":"wp","href":"https:\/\/api.w.org\/{rel}","templated":true}]}}