{"id":1888,"date":"2021-01-27T11:52:32","date_gmt":"2021-01-27T10:52:32","guid":{"rendered":"http:\/\/www.ndp-enghien.org\/bdi\/?p=1888"},"modified":"2021-01-27T11:58:24","modified_gmt":"2021-01-27T10:58:24","slug":"porte-ouverte-samedi-30-janvier-la-catho-lille","status":"publish","type":"post","link":"https:\/\/www.ndp-enghien.org\/bdi\/?p=1888","title":{"rendered":"Porte Ouverte samedi 30 janvier 2021 La Catho Lille"},"content":{"rendered":"\n<div align=\"center\">\n<table class=\"x_MsoNormalTable\" style=\"width: 99.6552%; height: 16px;\" border=\"0\" cellspacing=\"0\" cellpadding=\"0\">\n<tbody>\n<tr>\n<td>\u00a0<\/td>\n<\/tr>\n<\/tbody>\n<\/table>\n<\/div>\n<p class=\"x_MsoNormal\" align=\"center\">\u00a0<\/p>\n<div align=\"center\">\n<table class=\"x_MsoNormalTable\" border=\"0\" width=\"100%\" cellspacing=\"0\" cellpadding=\"0\">\n<tbody>\n<tr>\n<td>\n<div align=\"center\">\n<table class=\"x_MsoNormalTable\" border=\"0\" cellspacing=\"0\" cellpadding=\"0\">\n<tbody>\n<tr>\n<td>\n<div>\n<p class=\"x_MsoNormal\" align=\"center\"><img loading=\"lazy\" decoding=\"async\" id=\"x__x0000_i1036\" src=\"https:\/\/outlook.office365.com\/actions\/ei?u=http%3A%2F%2Fimg.univ-catholille-mailing.fr%2F5a686229b85b536a9f4bebae%2FdxG8mOf7R0qpLYZ4G2n2qA%2Fl_ya2FPCTDaM4YZSDnCjcg-Capture_1.png&amp;d=2021-01-27T10%3A28%3A47.839Z\" width=\"530\" height=\"133\" border=\"0\" data-imagetype=\"External\" data-connectorsauthtoken=\"1\" data-imageproxyendpoint=\"\/actions\/ei\" data-imageproxyid=\"\" \/><\/p>\n<\/div>\n<\/td>\n<\/tr>\n<\/tbody>\n<\/table>\n<\/div>\n<\/td>\n<\/tr>\n<\/tbody>\n<\/table>\n<\/div>\n<table class=\"x_MsoNormalTable\" border=\"0\" width=\"100%\" cellspacing=\"0\" cellpadding=\"0\" align=\"left\">\n<tbody>\n<tr>\n<td>\n<h1><strong>Journ\u00e9e Portes Ouvertes\u00a0Samedi 30 janvier\u00a0 9h00 &#8211; 18h<\/strong><\/h1>\n<\/td>\n<\/tr>\n<\/tbody>\n<\/table>\n<div align=\"center\">\n<table class=\"x_MsoNormalTable\" border=\"0\" cellspacing=\"0\" cellpadding=\"0\">\n<tbody>\n<tr>\n<td>\n<p class=\"x_MsoNormal\">\u00a0<\/p>\n<\/td>\n<\/tr>\n<\/tbody>\n<\/table>\n<\/div>\n<table class=\"x_MsoNormalTable\" border=\"0\" width=\"100%\" cellspacing=\"0\" cellpadding=\"0\" align=\"left\">\n<tbody>\n<tr>\n<td>\n<p>Vous souhaitez plus d\u2019informations sur nos formations ? Sur les modalit\u00e9s de candidature et d\u2019inscriptions ? D\u00e9couvrir notre Campus ?<\/p>\n<p>\u00a0<\/p>\n<p>Les responsables p\u00e9dagogiques de nos formations, les \u00e9tudiants et les \u00e9quipes administratives des Facult\u00e9s, Ecoles et Instituts,\u00a0vous accueillent sur notre plateforme de Journ\u00e9e Portes Ouvertes\u00a0Virtuelle !<\/p>\n<p>\u00a0<\/p>\n<p class=\"x_MsoNormal\">\u00b7\u00a0\u00a0\u00a0\u00a0\u00a0Conf\u00e9rences\u00a0<\/p>\n<p class=\"x_MsoNormal\">\u00b7\u00a0\u00a0\u00a0\u00a0\u00a0RDV personnalis\u00e9s avec les \u00e9tudiants et les responsables p\u00e9dagogiques<\/p>\n<p class=\"x_MsoNormal\">\u00b7\u00a0\u00a0\u00a0\u00a0\u00a0Tchat avec les services de l&rsquo;Universit\u00e9 Catholique de Lille\u00a0<\/p>\n<p>\u00a0<\/p>\n<p>Attention, l&rsquo;inscription est obligatoire pour participer \u00e0 la JPO\u00a0(onglet s&rsquo;inscrire sur la plateforme)<\/p>\n<p>\u00a0<\/p>\n<\/td>\n<\/tr>\n<\/tbody>\n<\/table>\n<div align=\"center\">\n<table class=\"x_MsoNormalTable\" border=\"0\" width=\"100%\" cellspacing=\"0\" cellpadding=\"0\">\n<tbody>\n<tr>\n<td>\n<div align=\"center\">\n<table class=\"x_MsoNormalTable\" border=\"1\" cellspacing=\"0\" cellpadding=\"0\">\n<tbody>\n<tr>\n<td>\n<p class=\"x_MsoNormal\" align=\"center\"><a href=\"http:\/\/eye.univ-catholille-mailing.fr\/c?p=wATNAdzDxBDQl_zQmtDYU9DCTDbQjOHQhlIOcNCjcsQQP9Ca0KH97Q5NLNCjWiUa0Jtk0IfQz9mvaHR0cHM6Ly9sZXNmYWN1bHRlcy51bml2LWNhdGhvbGlsbGUuZnIvZnIvZXZlbmVtZW50LWRldXhpZW1lLWpvdXJuZWUtcG9ydGVzLW91dmVydGVzP3V0bV9zb3VyY2U9U2FyYmFjYW5lJnV0bV9tZWRpdW09ZW1haWwmdXRtX2NhbXBhaWduPVNvaXLDqWUgIlNww6ljaWFsIFBhcmVudHMiIDIwMjEgIExZQ0VFU7g1YTY4NjIyOWI4NWI1MzZhOWY0YmViYWXEENDZ0KxR4QrQs03QiNCrbhXQltC20NnQmtDcvmV5ZS51bml2LWNhdGhvbGlsbGUtbWFpbGluZy5mcsQU0IPQm9Cnf9CS0ILQqChX9TNp0Ipj_9DJSDNbKA\" target=\"_blank\" rel=\"noopener noreferrer\" data-auth=\"NotApplicable\"><strong>Programme et inscription<\/strong><\/a><\/p>\n<\/td>\n<\/tr>\n<\/tbody>\n<\/table>\n<\/div>\n<\/td>\n<\/tr>\n<\/tbody>\n<\/table>\n<\/div>\n<div align=\"center\">\n<table class=\"x_MsoNormalTable\" border=\"0\" cellspacing=\"0\" cellpadding=\"0\">\n<tbody>\n<tr>\n<td>\n<p class=\"x_MsoNormal\">\u00a0<\/p>\n<\/td>\n<\/tr>\n<\/tbody>\n<\/table>\n<\/div>\n<p class=\"x_MsoNormal\" align=\"center\">\u00a0<\/p>\n<p class=\"x_MsoNormal\" align=\"center\">\u00a0<\/p>\n<div align=\"center\">\u00a0<\/div>\n<div align=\"center\"><br \/><br \/><\/div>\n","protected":false},"excerpt":{"rendered":"<p>\u00a0 \u00a0 Journ\u00e9e Portes Ouvertes\u00a0Samedi 30 janvier\u00a0 9h00 &#8211; 18h \u00a0 Vous souhaitez plus d\u2019informations sur nos formations ? Sur les modalit\u00e9s de candidature et &hellip; <\/p>\n","protected":false},"author":4,"featured_media":0,"comment_status":"open","ping_status":"open","sticky":false,"template":"","format":"standard","meta":{"footnotes":""},"categories":[25,18],"tags":[],"_links":{"self":[{"href":"https:\/\/www.ndp-enghien.org\/bdi\/index.php?rest_route=\/wp\/v2\/posts\/1888"}],"collection":[{"href":"https:\/\/www.ndp-enghien.org\/bdi\/index.php?rest_route=\/wp\/v2\/posts"}],"about":[{"href":"https:\/\/www.ndp-enghien.org\/bdi\/index.php?rest_route=\/wp\/v2\/types\/post"}],"author":[{"embeddable":true,"href":"https:\/\/www.ndp-enghien.org\/bdi\/index.php?rest_route=\/wp\/v2\/users\/4"}],"replies":[{"embeddable":true,"href":"https:\/\/www.ndp-enghien.org\/bdi\/index.php?rest_route=%2Fwp%2Fv2%2Fcomments&post=1888"}],"version-history":[{"count":2,"href":"https:\/\/www.ndp-enghien.org\/bdi\/index.php?rest_route=\/wp\/v2\/posts\/1888\/revisions"}],"predecessor-version":[{"id":1892,"href":"https:\/\/www.ndp-enghien.org\/bdi\/index.php?rest_route=\/wp\/v2\/posts\/1888\/revisions\/1892"}],"wp:attachment":[{"href":"https:\/\/www.ndp-enghien.org\/bdi\/index.php?rest_route=%2Fwp%2Fv2%2Fmedia&parent=1888"}],"wp:term":[{"taxonomy":"category","embeddable":true,"href":"https:\/\/www.ndp-enghien.org\/bdi\/index.php?rest_route=%2Fwp%2Fv2%2Fcategories&post=1888"},{"taxonomy":"post_tag","embeddable":true,"href":"https:\/\/www.ndp-enghien.org\/bdi\/index.php?rest_route=%2Fwp%2Fv2%2Ftags&post=1888"}],"curies":[{"name":"wp","href":"https:\/\/api.w.org\/{rel}","templated":true}]}}